{"id":8117,"date":"2021-02-09T17:37:59","date_gmt":"2021-02-09T17:37:59","guid":{"rendered":"https:\/\/pp.5dbooster.fr\/?p=8117"},"modified":"2023-06-10T13:27:55","modified_gmt":"2023-06-10T13:27:55","slug":"actu-outils-complementaires","status":"publish","type":"post","link":"https:\/\/pp.ladivulgation.fr\/?p=8117","title":{"rendered":"Outils Compl\u00e9mentaires (3)"},"content":{"rendered":"<p>Depuis le solstice d&rsquo;hiver du 21 d\u00e9cembre 2020, il s&rsquo;est pass\u00e9 beaucoup de choses dont une grosse p\u00e9riode de silence me concernant. Ne pouvant \u00eatre tout le temps au four et au moulin, j&rsquo;ai avanc\u00e9 sur des futurs chantiers qui prendront une place centrale en cours d&rsquo;ann\u00e9e.<\/p>\n<p>Vous en saurez plus long le temps venu car, comme vous le savez, je ne d\u00e9sire plus faire des annonces et ensuite \u00eatre mis en difficult\u00e9 pour les mettre en \u0153uvre. Donc j&rsquo;annonce moins mais cela ne veut pas dire qu&rsquo;il ne se passe rien.<\/p>\n<p>Cet article est donc l\u00e0 pour vous faire un point sur l&rsquo;info concernant les outils compl\u00e9mentaires afin de d\u00e9ployer au mieux votre v\u00e9hicule de manifestation. Tous les produits dont je vais vous parler, je les utilise personnellement depuis que l&rsquo;on en a eu l&rsquo;information\/autorisation de l&rsquo;Un-Visible.<\/p>\n<p>Et puis, il a fallu trouver le temps pour en mettre en place le processus de fabrication. H\u00e9 oui, entre le moment o\u00f9 l&rsquo;on a donn\u00e9 notre feu vert pour commercialisation et le moment o\u00f9 l&rsquo;on peut le mettre en vente, il se passe un d\u00e9lai plus ou moins long car chaque produit am\u00e8ne ses propres difficult\u00e9s.<\/p>\n<p><span style=\"color: #0000ff;\"><strong>1 &#8211; Or Collo\u00efdal<\/strong><\/span><br \/>\nVous connaissez tous les bienfaits de l&rsquo;argent collo\u00efdal. A une \u00e9poque j&rsquo;ai voulu vous en parler mais le hic dans l&rsquo;affaire est que le produit r\u00e9alis\u00e9 ne peut plus \u00eatre utilis\u00e9 30 jours apr\u00e8s sa fabrication (gros conseil de l&rsquo;Un-Visible). On a donc abandonn\u00e9 cette production car la logistique est trop contraignante.<\/p>\n<p>Aussi, autant l&rsquo;aspect argent (l&rsquo;aspect cristallin) a \u00e9t\u00e9 mis de c\u00f4t\u00e9 nous nous sommes int\u00e9ress\u00e9s \u00e0 l&rsquo;aspect solaire c&rsquo;est-\u00e0-dire faire de l&rsquo;or collo\u00efdal. L\u00e0 encore il y a de multiples bienfaits et la fabrication impose des contraintes que nous avons pu surmonter.<\/p>\n<p>Je suis donc content de vous annoncer que ce produit est enfin disponible \u00e0 la vente sur le site osmoser.fr. Il est conservable pendant 3 mois et j&rsquo;en mets une goutte dans mon verre de pollen le matin.<\/p>\n<p><strong><span style=\"color: #0000ff;\">2 &#8211; Plasma Marin<\/span><\/strong><br \/>\nToujours dans la lign\u00e9e solaire, j&rsquo;ai d\u00e9sir\u00e9 pousser le bouchon plus loin pour avoir un dissolvant du pollen de la meilleure qualit\u00e9 possible. Comme l&rsquo;avais indiqu\u00e9 Benoit dans un commentaire qu&rsquo;il serait mieux d&rsquo;utiliser de l&rsquo;eau de Quinton \u00e0 la place de l&rsquo;eau de mer ou du kombucha, Cyril et Damien sont partis \u00e0 la recherche du produit miracle.<\/p>\n<p>C&rsquo;est donc aupr\u00e8s d&rsquo;un de nos fournisseurs (qui fabriquent notre vitamine C super concentr\u00e9e en rupture de stock pour l&rsquo;instant) qui nous a fourni la solution. Aussi, ne pouvant pas nommer ce produit par eau de Quinton car c&rsquo;est une marque d\u00e9pos\u00e9e,\u00a0 ils l&rsquo;ont appel\u00e9 \u00ab\u00a0plasma marin hypertonique\u00a0\u00bb mais c&rsquo;est la m\u00eame chose.<\/p>\n<p>Cette eau est conditionn\u00e9e en bouteille d&rsquo;un demi-litre et selon les utilisations elle peut \u00eatre dilu\u00e9e selon les besoins de chacun. Cette production est une eau de mer pomp\u00e9e du c\u00f4t\u00e9 de la Bretagne et microfiltr\u00e9e \u00e0 froid afin d&rsquo;en retirer les impuret\u00e9s.<\/p>\n<p>Personnellement, je faisais la m\u00eame chose avec mon eau de mer gr\u00e2ce \u00e0 un filtre c\u00e9ramique mais je n&rsquo;allais pas la pomper en profondeur&#8230; Ce plasma marin est donc d&rsquo;une grande puret\u00e9 et les quelques personnes qui ont jou\u00e9s aux cobayes attestent son aspect hautement \u00e9nerg\u00e9tique.<\/p>\n<p>Bref, vous retrouverez tout \u00e7a sur le site osmoser.fr \u00e0 un prix d\u00e9fiant toute concurrence. Je le recommande fortement car depuis quelques ann\u00e9es d\u00e9j\u00e0, l&rsquo;Un-Visible nous avait demand\u00e9 \u00e0 Corinne et moi de prendre de l&rsquo;eau de mer et de l&rsquo;eau de coco chaque matin.<\/p>\n<p>Donc pour nous c&rsquo;est une routine sauf que maintenant au lieu de boire \u00e7a s\u00e9par\u00e9ment, je fais tout en m\u00eame temps. En effet, pour pr\u00e9parer ma boisson au pollen le soir, je commence \u00e0 mettre du pollen puis je verse du plasma hypertonique et de l&rsquo;eau encod\u00e9e.<\/p>\n<p>Ensuite, le matin avant de boire, je verse une \u00e0 2 gouttes d&rsquo;or collo\u00efdal puis je rajoute ma dose de vitamine C et enfin je compl\u00e8te avec de l&rsquo;eau de coco. Ainsi le breuvage est hyper complet et surtout buvable car franchement la Vit C est imbuvable seule tout comme l&rsquo;eau de mer ou la d\u00e9coction de pollen.<\/p>\n<p>En m\u00e9langeant le tout, tout devient buvable et en un seul verre j&rsquo;ai rempli toutes les conditions. Puis je laisse passer 1\/2 \u00e0 1 heure avant de pouvoir commencer \u00e0 manger quelque chose de dur qui sont g\u00e9n\u00e9ralement du \u00ab\u00a0cru\u00a0\u00bb et qui fait pour moi un repas de midi.<\/p>\n<p>Puis en fin d&rsquo;aprem, je prends un repas compos\u00e9 d&rsquo;un plat principal avec de la salade. En gros, dans ma journ\u00e9e j&rsquo;ai un ap\u00e9ro (boisson pollen), une entr\u00e9e (crudit\u00e9 ou oeufs \u00e0 la coque \u00e0 midi), un plat principal (fin d&rsquo;aprem) et le dessert reste optionnel. Et avec \u00e7a, je fais quand m\u00eame mon quintal&#8230;<\/p>\n<p>Voil\u00e0 donc les 2 nouveaux produits qui ne sont en v\u00e9rit\u00e9 que le prolongement du d\u00e9veloppement de notre aspect solaire via les abeilles.<\/p>\n<p><span style=\"color: #339966;\"><strong>Stocks<\/strong><\/span><br \/>\n<span style=\"color: #0000ff;\"><strong>a) Vitamine C<\/strong><\/span><br \/>\nSuite \u00e0 un petit souci de bouchons pouvant \u00eatre d\u00e9fectueux dans notre derni\u00e8re livraison (fuite), nous avons d\u00fb relancer une commande compl\u00e8te tout en arr\u00eatant de vous livrer. Nous attendons la nouvelle livraison pour la derni\u00e8re semaine de f\u00e9vrier. Donc pour ceux qui en ont command\u00e9 en f\u00e9vrier, nous vous demandons un peu de patience.<\/p>\n<p><strong><span style=\"color: #0000ff;\">b) Vernada Car<\/span><\/strong><br \/>\nLe fabricant de ce produit est totalement \u00e0 l&rsquo;arr\u00eat pour cause d&rsquo;interruption de la chaine de fabrication. Un des composants est en totale rupture de stock et l&rsquo;approvisionnement semble tr\u00e8s probl\u00e9matique tout cela \u00e9tant d\u00fb au corona et aux troubles \u00e9conomiques y attenant.<\/p>\n<p>Ainsi nous aurions d\u00fb \u00eatre livr\u00e9 vers le 25 janvier et c&rsquo;est repouss\u00e9 \u00e0 une date ind\u00e9termin\u00e9e. D\u00e9sol\u00e9 pour le d\u00e9rangement et donc l\u00e0 encore nous vous demandons d&rsquo;\u00eatre patient. Le seul constructeur est en Ukraine et quant on sait ce qui s&rsquo;y passe, il va falloir vraiment croiser les doigts.<\/p>\n<p>&#8211; &#8211; &#8211; &#8211; &#8211; &#8211; &#8211; &#8211; &#8211; &#8211; &#8211;<\/p>\n<p>Chaque jour qui passe nous rapproche d&rsquo;un point de basculement qui va mettre toute la 3D en grand p\u00e9ril. On ne peut donc plus penser et agir comme avant car avant n&rsquo;existe plus. Consid\u00e9rez donc cela et n&rsquo;oubliez pas que lorsque le couperet tombera il va y avoir de tr\u00e8s s\u00e9rieux probl\u00e8mes d&rsquo;approvisionnement \u00e0 tous les niveaux.<\/p>\n<p>La 3D se meurent et comme dit le dicton \u00ab\u00a0un homme averti en vaut deux\u00a0\u00bb et je pourrai rajouter \u00ab\u00a0un marcheur averti en vaut cent\u00a0\u00bb. Prenez donc vos dispositions avant qu&rsquo;il ne soit trop tard.<\/p>\n","protected":false},"excerpt":{"rendered":"<p>Depuis le solstice d&rsquo;hiver du 21 d\u00e9cembre 2020, il s&rsquo;est pass\u00e9 beaucoup de choses dont une grosse p\u00e9riode de silence me concernant. Ne pouvant \u00eatre tout le temps au four et au moulin, j&rsquo;ai avanc\u00e9 sur des futurs chantiers qui prendront une place centrale en cours d&rsquo;ann\u00e9e. Vous en saurez plus long le temps venu [&hellip;]<\/p>\n","protected":false},"author":2,"featured_media":7535,"comment_status":"open","ping_status":"closed","sticky":false,"template":"","format":"standard","meta":{"footnotes":""},"categories":[22],"tags":[25],"class_list":["post-8117","post","type-post","status-publish","format-standard","has-post-thumbnail","hentry","category-o2p","tag-outils"],"_links":{"self":[{"href":"https:\/\/pp.ladivulgation.fr\/index.php?rest_route=\/wp\/v2\/posts\/8117","targetHints":{"allow":["GET"]}}],"collection":[{"href":"https:\/\/pp.ladivulgation.fr\/index.php?rest_route=\/wp\/v2\/posts"}],"about":[{"href":"https:\/\/pp.ladivulgation.fr\/index.php?rest_route=\/wp\/v2\/types\/post"}],"author":[{"embeddable":true,"href":"https:\/\/pp.ladivulgation.fr\/index.php?rest_route=\/wp\/v2\/users\/2"}],"replies":[{"embeddable":true,"href":"https:\/\/pp.ladivulgation.fr\/index.php?rest_route=%2Fwp%2Fv2%2Fcomments&post=8117"}],"version-history":[{"count":1,"href":"https:\/\/pp.ladivulgation.fr\/index.php?rest_route=\/wp\/v2\/posts\/8117\/revisions"}],"predecessor-version":[{"id":8180,"href":"https:\/\/pp.ladivulgation.fr\/index.php?rest_route=\/wp\/v2\/posts\/8117\/revisions\/8180"}],"wp:featuredmedia":[{"embeddable":true,"href":"https:\/\/pp.ladivulgation.fr\/index.php?rest_route=\/"}],"wp:attachment":[{"href":"https:\/\/pp.ladivulgation.fr\/index.php?rest_route=%2Fwp%2Fv2%2Fmedia&parent=8117"}],"wp:term":[{"taxonomy":"category","embeddable":true,"href":"https:\/\/pp.ladivulgation.fr\/index.php?rest_route=%2Fwp%2Fv2%2Fcategories&post=8117"},{"taxonomy":"post_tag","embeddable":true,"href":"https:\/\/pp.ladivulgation.fr\/index.php?rest_route=%2Fwp%2Fv2%2Ftags&post=8117"}],"curies":[{"name":"wp","href":"https:\/\/api.w.org\/{rel}","templated":true}]}}